{"id":4550,"date":"2024-11-09T10:41:19","date_gmt":"2024-11-09T16:41:19","guid":{"rendered":"https:\/\/amealco.gob.mx\/portal\/?p=4550"},"modified":"2024-11-09T10:41:20","modified_gmt":"2024-11-09T16:41:20","slug":"presentacion-del-programa-del-12o-festival-nacional-de-munecas-artesanales-en-amealco","status":"publish","type":"post","link":"https:\/\/amealco.gob.mx\/portal\/presentacion-del-programa-del-12o-festival-nacional-de-munecas-artesanales-en-amealco\/","title":{"rendered":"Presentaci\u00f3n del Programa del 12\u00ba Festival Nacional de Mu\u00f1ecas Artesanales en Amealco"},"content":{"rendered":"\n<p class=\"has-text-align-left\">Amealco, Qro. \u2013 En una emotiva rueda de prensa llevada a cabo en el ic\u00f3nico Mes\u00f3n de Chucho el Roto, en el coraz\u00f3n del Centro Hist\u00f3rico de la Ciudad de Quer\u00e9taro, se present\u00f3 oficialmente el programa del 12\u00ba Festival Nacional de Mu\u00f1ecas Artesanales de Amealco. Este magno evento fue encabezado por el alcalde de Amealco, Oscar P\u00e9rez Mart\u00ednez, quien extendi\u00f3 una cordial invitaci\u00f3n tanto a turistas como a los residentes locales para que asistan y sean parte de esta celebraci\u00f3n de la tradici\u00f3n y el arte artesanal.<\/p>\n\n\n\n<p class=\"has-text-align-left\">El presidium estuvo conformado por distinguidas personalidades, entre las que se encontraban la Lic. Gabriela Catalina Prieto Moros, representante de la Casa Queretana de las Artesan\u00edas; Elvira Gonz\u00e1lez, Directora de Turismo del Municipio de Amealco; el Subdirector V\u00edctor Ruiz Arteaga; Mario Acosta, Coordinador de Cultura del municipio, y Francisco Primo, Director de Desarrollo Social de Amealco.<\/p>\n\n\n\n<p class=\"has-text-align-left\">Durante su intervenci\u00f3n, el alcalde P\u00e9rez Mart\u00ednez destac\u00f3 la importancia de este festival como un escaparate que no solo promueve la riqueza cultural de Amealco, sino que tambi\u00e9n impulsa la econom\u00eda local y fortalece la identidad de la comunidad. \u201cInvitamos a todos a disfrutar de este evento que celebra el trabajo y la dedicaci\u00f3n de nuestros artesanos, quienes con sus manos dan vida a nuestras tradiciones\u201d, coment\u00f3 el edil.<\/p>\n\n\n\n<p class=\"has-text-align-left\">El festival, que se llevar\u00e1 a cabo del 15 al 18 de noviembre, contar\u00e1 con una amplia programaci\u00f3n que incluir\u00e1 presentaciones art\u00edsticas, exposiciones de mu\u00f1ecas artesanales de diferentes regiones del pa\u00eds, talleres interactivos y un foro cultural para toda la familia. Entre los artistas principales que se presentar\u00e1n en el Teatro del Pueblo se encuentran el Grupo Liberaci\u00f3n el viernes 15 de noviembre, Majo Aguilar el s\u00e1bado 16 de noviembre, y Los Plebes del Rancho el domingo 17 de noviembre, quienes prometen espect\u00e1culos inolvidables para todos los asistentes.<\/p>\n\n\n\n<p class=\"has-text-align-left\">Por su parte, la Lic. Gabriela Prieto resalt\u00f3 el compromiso de la Casa Queretana de las Artesan\u00edas en apoyar y dar visibilidad a los artesanos, asegurando que el evento ser\u00e1 una plataforma para que las mu\u00f1ecas artesanales, s\u00edmbolo del patrimonio cultural de la regi\u00f3n, lleguen a un p\u00fablico m\u00e1s amplio.<\/p>\n\n\n\n<p class=\"has-text-align-left\">El 12\u00ba Festival Nacional de Mu\u00f1ecas Artesanales se presenta como una oportunidad \u00fanica para que los visitantes descubran la riqueza cultural de Amealco y aprecien el arte que forma parte de la identidad Queretana.<\/p>\n\n\n\n<figure class=\"wp-block-gallery has-nested-images columns-default is-cropped wp-block-gallery-1 is-layout-flex wp-block-gallery-is-layout-flex\">\n<figure class=\"wp-block-image size-large\"><img loading=\"lazy\" decoding=\"async\" width=\"1024\" height=\"737\" data-id=\"4553\" src=\"https:\/\/amealco.gob.mx\/portal\/wp-content\/uploads\/2024\/11\/RUEDA-DE-PRENSA-FESTIVAL-1024x737.jpg\" alt=\"\" class=\"wp-image-4553\" srcset=\"https:\/\/amealco.gob.mx\/portal\/wp-content\/uploads\/2024\/11\/RUEDA-DE-PRENSA-FESTIVAL-1024x737.jpg 1024w, https:\/\/amealco.gob.mx\/portal\/wp-content\/uploads\/2024\/11\/RUEDA-DE-PRENSA-FESTIVAL-300x216.jpg 300w, https:\/\/amealco.gob.mx\/portal\/wp-content\/uploads\/2024\/11\/RUEDA-DE-PRENSA-FESTIVAL-768x553.jpg 768w, https:\/\/amealco.gob.mx\/portal\/wp-content\/uploads\/2024\/11\/RUEDA-DE-PRENSA-FESTIVAL-1200x863.jpg 1200w, https:\/\/amealco.gob.mx\/portal\/wp-content\/uploads\/2024\/11\/RUEDA-DE-PRENSA-FESTIVAL-594x427.jpg 594w, https:\/\/amealco.gob.mx\/portal\/wp-content\/uploads\/2024\/11\/RUEDA-DE-PRENSA-FESTIVAL.jpg 1280w\" sizes=\"auto, (max-width: 1024px) 100vw, 1024px\" \/><\/figure>\n\n\n\n<figure class=\"wp-block-image size-large\"><img loading=\"lazy\" decoding=\"async\" width=\"1024\" height=\"737\" data-id=\"4552\" src=\"https:\/\/amealco.gob.mx\/portal\/wp-content\/uploads\/2024\/11\/RUEDA-DE-PRENSA-FESTIVAL-1-1-1024x737.jpg\" alt=\"\" class=\"wp-image-4552\" srcset=\"https:\/\/amealco.gob.mx\/portal\/wp-content\/uploads\/2024\/11\/RUEDA-DE-PRENSA-FESTIVAL-1-1-1024x737.jpg 1024w, https:\/\/amealco.gob.mx\/portal\/wp-content\/uploads\/2024\/11\/RUEDA-DE-PRENSA-FESTIVAL-1-1-300x216.jpg 300w, https:\/\/amealco.gob.mx\/portal\/wp-content\/uploads\/2024\/11\/RUEDA-DE-PRENSA-FESTIVAL-1-1-768x553.jpg 768w, https:\/\/amealco.gob.mx\/portal\/wp-content\/uploads\/2024\/11\/RUEDA-DE-PRENSA-FESTIVAL-1-1-1200x863.jpg 1200w, https:\/\/amealco.gob.mx\/portal\/wp-content\/uploads\/2024\/11\/RUEDA-DE-PRENSA-FESTIVAL-1-1-594x427.jpg 594w, https:\/\/amealco.gob.mx\/portal\/wp-content\/uploads\/2024\/11\/RUEDA-DE-PRENSA-FESTIVAL-1-1.jpg 1280w\" sizes=\"auto, (max-width: 1024px) 100vw, 1024px\" \/><\/figure>\n<\/figure>\n","protected":false},"excerpt":{"rendered":"<p>Amealco, Qro. \u2013 En una emotiva rueda de prensa llevada a cabo en el ic\u00f3nico Mes\u00f3n de Chucho el Roto, en el coraz\u00f3n del Centro Hist\u00f3rico de la Ciudad de Quer\u00e9taro, se present\u00f3 oficialmente el programa del 12\u00ba Festival Nacional de Mu\u00f1ecas Artesanales de Amealco. Este magno evento fue encabezado por el alcalde de Amealco, [&hellip;]<\/p>\n","protected":false},"author":2,"featured_media":4554,"comment_status":"closed","ping_status":"closed","sticky":false,"template":"","format":"standard","meta":{"_lmt_disableupdate":"","_lmt_disable":"","footnotes":""},"categories":[5],"tags":[],"class_list":["post-4550","post","type-post","status-publish","format-standard","has-post-thumbnail","hentry","category-noticias","clearfix","post-index"],"modified_by":"Comunicaci\u00f3n Social","jetpack_sharing_enabled":true,"jetpack_featured_media_url":"https:\/\/amealco.gob.mx\/portal\/wp-content\/uploads\/2024\/11\/RUEDA-DE-PRENSA-FESTIVAL-2.jpg","_links":{"self":[{"href":"https:\/\/amealco.gob.mx\/portal\/wp-json\/wp\/v2\/posts\/4550","targetHints":{"allow":["GET"]}}],"collection":[{"href":"https:\/\/amealco.gob.mx\/portal\/wp-json\/wp\/v2\/posts"}],"about":[{"href":"https:\/\/amealco.gob.mx\/portal\/wp-json\/wp\/v2\/types\/post"}],"author":[{"embeddable":true,"href":"https:\/\/amealco.gob.mx\/portal\/wp-json\/wp\/v2\/users\/2"}],"replies":[{"embeddable":true,"href":"https:\/\/amealco.gob.mx\/portal\/wp-json\/wp\/v2\/comments?post=4550"}],"version-history":[{"count":1,"href":"https:\/\/amealco.gob.mx\/portal\/wp-json\/wp\/v2\/posts\/4550\/revisions"}],"predecessor-version":[{"id":4555,"href":"https:\/\/amealco.gob.mx\/portal\/wp-json\/wp\/v2\/posts\/4550\/revisions\/4555"}],"wp:featuredmedia":[{"embeddable":true,"href":"https:\/\/amealco.gob.mx\/portal\/wp-json\/wp\/v2\/media\/4554"}],"wp:attachment":[{"href":"https:\/\/amealco.gob.mx\/portal\/wp-json\/wp\/v2\/media?parent=4550"}],"wp:term":[{"taxonomy":"category","embeddable":true,"href":"https:\/\/amealco.gob.mx\/portal\/wp-json\/wp\/v2\/categories?post=4550"},{"taxonomy":"post_tag","embeddable":true,"href":"https:\/\/amealco.gob.mx\/portal\/wp-json\/wp\/v2\/tags?post=4550"}],"curies":[{"name":"wp","href":"https:\/\/api.w.org\/{rel}","templated":true}]}}