{"id":4567,"date":"2024-11-17T17:44:07","date_gmt":"2024-11-17T23:44:07","guid":{"rendered":"https:\/\/amealco.gob.mx\/portal\/?p=4567"},"modified":"2024-11-17T17:44:08","modified_gmt":"2024-11-17T23:44:08","slug":"inauguracion-del-12-festival-nacional-de-munecas-artesanales-amealco-2024","status":"publish","type":"post","link":"https:\/\/amealco.gob.mx\/portal\/inauguracion-del-12-festival-nacional-de-munecas-artesanales-amealco-2024\/","title":{"rendered":"Inauguraci\u00f3n del 12\u00b0 Festival Nacional de Mu\u00f1ecas Artesanales Amealco 2024"},"content":{"rendered":"\n<p>Amealco, Qro. 15 de Noviembre 2024. Nuestro Municipio est\u00e1 de Fiesta el Presidente Municipal \u00d3scar P\u00e9rez Mart\u00edes, Inauguro oficialmente el 12\u00b0 Festival Nacional de Mu\u00f1ecas Artesanales Amealco 2024, dando la bienvenida a todos los asistentes a la cuna de la Mu\u00f1eca Lel\u00e9 y Donx\u00fc.<\/p>\n\n\n\n<p>En la Inauguraci\u00f3n estuvieron presentes la Lic. Gabriela Prieto, Directora General de la Casa Queretana de las Artesan\u00edas, Lic. Rodrigo Ibarra, en representaci\u00f3n de la Secretaria de Turismo, Ing. Aurelio Zigala, adem\u00e1s de C. Elvira y el Prof. Mario Coordinador de Cultura.<\/p>\n\n\n\n<p>Durante la premiaci\u00f3n el Presiente Municipal Oscar P\u00e9rez, agradeci\u00f3 a los Artesanos de todo el pa\u00eds por haber participado en el concurso Nacional de las Mu\u00f1ecas Artesanales,<\/p>\n\n\n\n<p>\u201cGracias por la confianza y por preservar la magia de la labor Artesanal en cada trazo, costura y elaboraci\u00f3n de sus Artesan\u00edas, para Amealco las mu\u00f1ecas Lele y Donx\u00fc, son orgullosas representantes de la cultura otom\u00ed de Santiago Mexquititl\u00e1n y San Ildefonso que han dado la vuelta al mundo\u201d.<\/p>\n\n\n\n<p>Al termino de su discurso invito a la ciudadan\u00eda en general a disfrutar de la diversa variedad de eventos culturales, gastron\u00f3micos y musicales que se han preparado para todos.<\/p>\n\n\n\n<figure class=\"wp-block-gallery has-nested-images columns-default is-cropped wp-block-gallery-1 is-layout-flex wp-block-gallery-is-layout-flex\">\n<figure class=\"wp-block-image size-large\"><img loading=\"lazy\" decoding=\"async\" width=\"1024\" height=\"660\" data-id=\"4569\" src=\"https:\/\/amealco.gob.mx\/portal\/wp-content\/uploads\/2024\/11\/IMG_0265-1024x660.jpg\" alt=\"\" class=\"wp-image-4569\" srcset=\"https:\/\/amealco.gob.mx\/portal\/wp-content\/uploads\/2024\/11\/IMG_0265-1024x660.jpg 1024w, https:\/\/amealco.gob.mx\/portal\/wp-content\/uploads\/2024\/11\/IMG_0265-300x193.jpg 300w, https:\/\/amealco.gob.mx\/portal\/wp-content\/uploads\/2024\/11\/IMG_0265-768x495.jpg 768w, https:\/\/amealco.gob.mx\/portal\/wp-content\/uploads\/2024\/11\/IMG_0265-1536x990.jpg 1536w, https:\/\/amealco.gob.mx\/portal\/wp-content\/uploads\/2024\/11\/IMG_0265-2048x1320.jpg 2048w, https:\/\/amealco.gob.mx\/portal\/wp-content\/uploads\/2024\/11\/IMG_0265-1200x773.jpg 1200w, https:\/\/amealco.gob.mx\/portal\/wp-content\/uploads\/2024\/11\/IMG_0265-594x383.jpg 594w\" sizes=\"auto, (max-width: 1024px) 100vw, 1024px\" \/><\/figure>\n\n\n\n<figure class=\"wp-block-image size-large\"><img loading=\"lazy\" decoding=\"async\" width=\"1024\" height=\"682\" data-id=\"4568\" src=\"https:\/\/amealco.gob.mx\/portal\/wp-content\/uploads\/2024\/11\/foto-octavio2-1024x682.jpeg\" alt=\"\" class=\"wp-image-4568\" srcset=\"https:\/\/amealco.gob.mx\/portal\/wp-content\/uploads\/2024\/11\/foto-octavio2-1024x682.jpeg 1024w, https:\/\/amealco.gob.mx\/portal\/wp-content\/uploads\/2024\/11\/foto-octavio2-300x200.jpeg 300w, https:\/\/amealco.gob.mx\/portal\/wp-content\/uploads\/2024\/11\/foto-octavio2-768x512.jpeg 768w, https:\/\/amealco.gob.mx\/portal\/wp-content\/uploads\/2024\/11\/foto-octavio2-1536x1023.jpeg 1536w, https:\/\/amealco.gob.mx\/portal\/wp-content\/uploads\/2024\/11\/foto-octavio2-1200x800.jpeg 1200w, https:\/\/amealco.gob.mx\/portal\/wp-content\/uploads\/2024\/11\/foto-octavio2-594x396.jpeg 594w, https:\/\/amealco.gob.mx\/portal\/wp-content\/uploads\/2024\/11\/foto-octavio2.jpeg 1600w\" sizes=\"auto, (max-width: 1024px) 100vw, 1024px\" \/><\/figure>\n\n\n\n<figure class=\"wp-block-image size-large\"><img loading=\"lazy\" decoding=\"async\" width=\"1024\" height=\"683\" data-id=\"4570\" src=\"https:\/\/amealco.gob.mx\/portal\/wp-content\/uploads\/2024\/11\/IMG_4658-1024x683.jpg\" alt=\"\" class=\"wp-image-4570\" srcset=\"https:\/\/amealco.gob.mx\/portal\/wp-content\/uploads\/2024\/11\/IMG_4658-1024x683.jpg 1024w, https:\/\/amealco.gob.mx\/portal\/wp-content\/uploads\/2024\/11\/IMG_4658-300x200.jpg 300w, https:\/\/amealco.gob.mx\/portal\/wp-content\/uploads\/2024\/11\/IMG_4658-768x512.jpg 768w, https:\/\/amealco.gob.mx\/portal\/wp-content\/uploads\/2024\/11\/IMG_4658-1536x1024.jpg 1536w, https:\/\/amealco.gob.mx\/portal\/wp-content\/uploads\/2024\/11\/IMG_4658-2048x1365.jpg 2048w, https:\/\/amealco.gob.mx\/portal\/wp-content\/uploads\/2024\/11\/IMG_4658-1200x800.jpg 1200w, https:\/\/amealco.gob.mx\/portal\/wp-content\/uploads\/2024\/11\/IMG_4658-594x396.jpg 594w\" sizes=\"auto, (max-width: 1024px) 100vw, 1024px\" \/><\/figure>\n<\/figure>\n","protected":false},"excerpt":{"rendered":"<p>Amealco, Qro. 15 de Noviembre 2024. Nuestro Municipio est\u00e1 de Fiesta el Presidente Municipal \u00d3scar P\u00e9rez Mart\u00edes, Inauguro oficialmente el 12\u00b0 Festival Nacional de Mu\u00f1ecas Artesanales Amealco 2024, dando la bienvenida a todos los asistentes a la cuna de la Mu\u00f1eca Lel\u00e9 y Donx\u00fc. En la Inauguraci\u00f3n estuvieron presentes la Lic. Gabriela Prieto, Directora General [&hellip;]<\/p>\n","protected":false},"author":2,"featured_media":4571,"comment_status":"closed","ping_status":"closed","sticky":false,"template":"","format":"standard","meta":{"_lmt_disableupdate":"","_lmt_disable":"","footnotes":""},"categories":[5],"tags":[],"class_list":["post-4567","post","type-post","status-publish","format-standard","has-post-thumbnail","hentry","category-noticias","clearfix","post-index"],"modified_by":"Comunicaci\u00f3n Social","jetpack_sharing_enabled":true,"jetpack_featured_media_url":"https:\/\/amealco.gob.mx\/portal\/wp-content\/uploads\/2024\/11\/IMG_0339-scaled.jpg","_links":{"self":[{"href":"https:\/\/amealco.gob.mx\/portal\/wp-json\/wp\/v2\/posts\/4567","targetHints":{"allow":["GET"]}}],"collection":[{"href":"https:\/\/amealco.gob.mx\/portal\/wp-json\/wp\/v2\/posts"}],"about":[{"href":"https:\/\/amealco.gob.mx\/portal\/wp-json\/wp\/v2\/types\/post"}],"author":[{"embeddable":true,"href":"https:\/\/amealco.gob.mx\/portal\/wp-json\/wp\/v2\/users\/2"}],"replies":[{"embeddable":true,"href":"https:\/\/amealco.gob.mx\/portal\/wp-json\/wp\/v2\/comments?post=4567"}],"version-history":[{"count":1,"href":"https:\/\/amealco.gob.mx\/portal\/wp-json\/wp\/v2\/posts\/4567\/revisions"}],"predecessor-version":[{"id":4572,"href":"https:\/\/amealco.gob.mx\/portal\/wp-json\/wp\/v2\/posts\/4567\/revisions\/4572"}],"wp:featuredmedia":[{"embeddable":true,"href":"https:\/\/amealco.gob.mx\/portal\/wp-json\/wp\/v2\/media\/4571"}],"wp:attachment":[{"href":"https:\/\/amealco.gob.mx\/portal\/wp-json\/wp\/v2\/media?parent=4567"}],"wp:term":[{"taxonomy":"category","embeddable":true,"href":"https:\/\/amealco.gob.mx\/portal\/wp-json\/wp\/v2\/categories?post=4567"},{"taxonomy":"post_tag","embeddable":true,"href":"https:\/\/amealco.gob.mx\/portal\/wp-json\/wp\/v2\/tags?post=4567"}],"curies":[{"name":"wp","href":"https:\/\/api.w.org\/{rel}","templated":true}]}}