{"id":4586,"date":"2024-12-09T21:13:37","date_gmt":"2024-12-10T03:13:37","guid":{"rendered":"https:\/\/amealco.gob.mx\/portal\/?p=4586"},"modified":"2024-12-09T21:13:38","modified_gmt":"2024-12-10T03:13:38","slug":"el-alcalde-oscar-perez-realiza-el-encendido-del-arbol-navideno","status":"publish","type":"post","link":"https:\/\/amealco.gob.mx\/portal\/el-alcalde-oscar-perez-realiza-el-encendido-del-arbol-navideno\/","title":{"rendered":"El Alcalde Oscar P\u00e9rez realiza el encendido del \u00c1rbol Navide\u00f1o"},"content":{"rendered":"\n<p>Amealco, Qro. Este fin de semana el Alcalde Oscar P\u00e9rez Mart\u00ednez, inaugur\u00f3 oficialmente las fiestas decembrinas con el encendido del \u00c1rbol Navide\u00f1o en la explanada del jard\u00edn principal, donde se dieron cita los Amealcenses y visitantes.<\/p>\n\n\n\n<p>Iniciamos este evento con un desfile navide\u00f1o por las calles principales de la cabecera municipal, donde contamos con la participaci\u00f3n de las instituciones educativas, Eulalia Guzm\u00e1n Barr\u00f3n, Josefa Ortiz de Dom\u00ednguez, Mois\u00e9s S\u00e1enz Garza y CBTA de Quiotillos, que presentaron diversas actividades as\u00ed como carros aleg\u00f3ricos durante el recorrido.<\/p>\n\n\n\n<p>En su mensaje navide\u00f1o el alcalde agradeci\u00f3 a todos los participantes y organizadores y mencion\u00f3 la importancia que es la uni\u00f3n, amor y paz \u00abaprovecho la oportunidad para desearles a cada uno de los presentes que pasen unas felices fiestas en compa\u00f1\u00eda de sus seres queridos, y que la paz y armon\u00eda llene cada uno de sus hogares y corazones\u00bb<\/p>\n\n\n\n<p>Finalizamos con la pastorela \u00abDesvi\u00f3 Hacia Bel\u00e9n\u00bb presentada por los integrantes del centro de rehabilitaci\u00f3n de San Juan del R\u00edo.<\/p>\n\n\n\n<figure class=\"wp-block-gallery has-nested-images columns-default is-cropped wp-block-gallery-1 is-layout-flex wp-block-gallery-is-layout-flex\">\n<figure class=\"wp-block-image size-large\"><img loading=\"lazy\" decoding=\"async\" width=\"1024\" height=\"683\" data-id=\"4589\" src=\"https:\/\/amealco.gob.mx\/portal\/wp-content\/uploads\/2024\/12\/desfile-navideno-amealco-2-1024x683.jpg\" alt=\"\" class=\"wp-image-4589\" srcset=\"https:\/\/amealco.gob.mx\/portal\/wp-content\/uploads\/2024\/12\/desfile-navideno-amealco-2-1024x683.jpg 1024w, https:\/\/amealco.gob.mx\/portal\/wp-content\/uploads\/2024\/12\/desfile-navideno-amealco-2-300x200.jpg 300w, https:\/\/amealco.gob.mx\/portal\/wp-content\/uploads\/2024\/12\/desfile-navideno-amealco-2-768x512.jpg 768w, https:\/\/amealco.gob.mx\/portal\/wp-content\/uploads\/2024\/12\/desfile-navideno-amealco-2-594x396.jpg 594w, https:\/\/amealco.gob.mx\/portal\/wp-content\/uploads\/2024\/12\/desfile-navideno-amealco-2.jpg 1200w\" sizes=\"auto, (max-width: 1024px) 100vw, 1024px\" \/><\/figure>\n\n\n\n<figure class=\"wp-block-image size-large\"><img loading=\"lazy\" decoding=\"async\" width=\"1024\" height=\"703\" data-id=\"4588\" src=\"https:\/\/amealco.gob.mx\/portal\/wp-content\/uploads\/2024\/12\/desfile-navideno-amealco-3-1024x703.jpg\" alt=\"\" class=\"wp-image-4588\" srcset=\"https:\/\/amealco.gob.mx\/portal\/wp-content\/uploads\/2024\/12\/desfile-navideno-amealco-3-1024x703.jpg 1024w, https:\/\/amealco.gob.mx\/portal\/wp-content\/uploads\/2024\/12\/desfile-navideno-amealco-3-300x206.jpg 300w, https:\/\/amealco.gob.mx\/portal\/wp-content\/uploads\/2024\/12\/desfile-navideno-amealco-3-768x527.jpg 768w, https:\/\/amealco.gob.mx\/portal\/wp-content\/uploads\/2024\/12\/desfile-navideno-amealco-3-1200x824.jpg 1200w, https:\/\/amealco.gob.mx\/portal\/wp-content\/uploads\/2024\/12\/desfile-navideno-amealco-3-594x408.jpg 594w, https:\/\/amealco.gob.mx\/portal\/wp-content\/uploads\/2024\/12\/desfile-navideno-amealco-3.jpg 1405w\" sizes=\"auto, (max-width: 1024px) 100vw, 1024px\" \/><\/figure>\n\n\n\n<figure class=\"wp-block-image size-large\"><img loading=\"lazy\" decoding=\"async\" width=\"1024\" height=\"683\" data-id=\"4587\" src=\"https:\/\/amealco.gob.mx\/portal\/wp-content\/uploads\/2024\/12\/desfile-navideno-amealco-4-1024x683.jpg\" alt=\"\" class=\"wp-image-4587\" srcset=\"https:\/\/amealco.gob.mx\/portal\/wp-content\/uploads\/2024\/12\/desfile-navideno-amealco-4-1024x683.jpg 1024w, https:\/\/amealco.gob.mx\/portal\/wp-content\/uploads\/2024\/12\/desfile-navideno-amealco-4-300x200.jpg 300w, https:\/\/amealco.gob.mx\/portal\/wp-content\/uploads\/2024\/12\/desfile-navideno-amealco-4-768x512.jpg 768w, https:\/\/amealco.gob.mx\/portal\/wp-content\/uploads\/2024\/12\/desfile-navideno-amealco-4-594x396.jpg 594w, https:\/\/amealco.gob.mx\/portal\/wp-content\/uploads\/2024\/12\/desfile-navideno-amealco-4.jpg 1200w\" sizes=\"auto, (max-width: 1024px) 100vw, 1024px\" \/><\/figure>\n<\/figure>\n","protected":false},"excerpt":{"rendered":"<p>Amealco, Qro. Este fin de semana el Alcalde Oscar P\u00e9rez Mart\u00ednez, inaugur\u00f3 oficialmente las fiestas decembrinas con el encendido del \u00c1rbol Navide\u00f1o en la explanada del jard\u00edn principal, donde se dieron cita los Amealcenses y visitantes. Iniciamos este evento con un desfile navide\u00f1o por las calles principales de la cabecera municipal, donde contamos con la [&hellip;]<\/p>\n","protected":false},"author":2,"featured_media":4590,"comment_status":"closed","ping_status":"closed","sticky":false,"template":"","format":"standard","meta":{"_lmt_disableupdate":"","_lmt_disable":"","footnotes":""},"categories":[5],"tags":[],"class_list":["post-4586","post","type-post","status-publish","format-standard","has-post-thumbnail","hentry","category-noticias","clearfix","post-index"],"modified_by":"Comunicaci\u00f3n Social","jetpack_sharing_enabled":true,"jetpack_featured_media_url":"https:\/\/amealco.gob.mx\/portal\/wp-content\/uploads\/2024\/12\/desfile-navideno-amealco.jpg","_links":{"self":[{"href":"https:\/\/amealco.gob.mx\/portal\/wp-json\/wp\/v2\/posts\/4586","targetHints":{"allow":["GET"]}}],"collection":[{"href":"https:\/\/amealco.gob.mx\/portal\/wp-json\/wp\/v2\/posts"}],"about":[{"href":"https:\/\/amealco.gob.mx\/portal\/wp-json\/wp\/v2\/types\/post"}],"author":[{"embeddable":true,"href":"https:\/\/amealco.gob.mx\/portal\/wp-json\/wp\/v2\/users\/2"}],"replies":[{"embeddable":true,"href":"https:\/\/amealco.gob.mx\/portal\/wp-json\/wp\/v2\/comments?post=4586"}],"version-history":[{"count":1,"href":"https:\/\/amealco.gob.mx\/portal\/wp-json\/wp\/v2\/posts\/4586\/revisions"}],"predecessor-version":[{"id":4591,"href":"https:\/\/amealco.gob.mx\/portal\/wp-json\/wp\/v2\/posts\/4586\/revisions\/4591"}],"wp:featuredmedia":[{"embeddable":true,"href":"https:\/\/amealco.gob.mx\/portal\/wp-json\/wp\/v2\/media\/4590"}],"wp:attachment":[{"href":"https:\/\/amealco.gob.mx\/portal\/wp-json\/wp\/v2\/media?parent=4586"}],"wp:term":[{"taxonomy":"category","embeddable":true,"href":"https:\/\/amealco.gob.mx\/portal\/wp-json\/wp\/v2\/categories?post=4586"},{"taxonomy":"post_tag","embeddable":true,"href":"https:\/\/amealco.gob.mx\/portal\/wp-json\/wp\/v2\/tags?post=4586"}],"curies":[{"name":"wp","href":"https:\/\/api.w.org\/{rel}","templated":true}]}}