{"id":5505,"date":"2025-12-21T09:42:00","date_gmt":"2025-12-21T15:42:00","guid":{"rendered":"https:\/\/amealco.gob.mx\/portal\/?p=5505"},"modified":"2026-08-31T09:58:20","modified_gmt":"2026-08-31T14:58:20","slug":"ceremonia-eucaristica-cierre-de-ano-administracion-2024-2027","status":"publish","type":"post","link":"https:\/\/amealco.gob.mx\/portal\/ceremonia-eucaristica-cierre-de-ano-administracion-2024-2027\/","title":{"rendered":"CEREMONIA EUCAR\u00cdSTICA CIERRE DE A\u00d1O ADMINISTRACI\u00d3N 2024\u20132027"},"content":{"rendered":"\n<p>El presidente municipal \u00d3scar P\u00e9rez Mart\u00ednez encabez\u00f3 la ceremonia eucar\u00edstica en la que todo el personal que labora en la Administraci\u00f3n Municipal 2024\u20132027 se reuni\u00f3 para agradecer por el a\u00f1o que concluye y pedir por un mejor 2026, en un ambiente de uni\u00f3n, fe y cercan\u00eda.<\/p>\n\n\n\n<p>Esta eucarist\u00eda marc\u00f3 el inicio de la celebraci\u00f3n de fin de a\u00f1o de la administraci\u00f3n que encabeza \u00d3scar P\u00e9rez Mart\u00ednez, fortaleciendo los lazos de compa\u00f1erismo y el compromiso de seguir trabajando con responsabilidad, vocaci\u00f3n de servicio y coraz\u00f3n por Amealco.<\/p>\n\n\n\n<p>Unidos, con esperanza y agradecimiento, para seguir dando lo mejor a las y los amealcenses.<\/p>\n\n\n\n<div class=\"wp-block-columns is-layout-flex wp-container-core-columns-is-layout-1 wp-block-columns-is-layout-flex\">\n<div class=\"wp-block-column is-layout-flow wp-block-column-is-layout-flow\">\n<figure class=\"wp-block-gallery has-nested-images columns-default is-cropped wp-block-gallery-1 is-layout-flex wp-block-gallery-is-layout-flex\">\n<figure class=\"wp-block-image size-large\"><img loading=\"lazy\" decoding=\"async\" width=\"1024\" height=\"683\" src=\"https:\/\/amealco.gob.mx\/portal\/wp-content\/uploads\/2026\/08\/601824874_122209927166564929_911117483376688932_n-1024x683.jpg\" alt=\"\" class=\"wp-image-5508\" srcset=\"https:\/\/amealco.gob.mx\/portal\/wp-content\/uploads\/2026\/08\/601824874_122209927166564929_911117483376688932_n-1024x683.jpg 1024w, https:\/\/amealco.gob.mx\/portal\/wp-content\/uploads\/2026\/08\/601824874_122209927166564929_911117483376688932_n-300x200.jpg 300w, https:\/\/amealco.gob.mx\/portal\/wp-content\/uploads\/2026\/08\/601824874_122209927166564929_911117483376688932_n-768x512.jpg 768w, https:\/\/amealco.gob.mx\/portal\/wp-content\/uploads\/2026\/08\/601824874_122209927166564929_911117483376688932_n-1200x800.jpg 1200w, https:\/\/amealco.gob.mx\/portal\/wp-content\/uploads\/2026\/08\/601824874_122209927166564929_911117483376688932_n-594x396.jpg 594w, https:\/\/amealco.gob.mx\/portal\/wp-content\/uploads\/2026\/08\/601824874_122209927166564929_911117483376688932_n.jpg 1440w\" sizes=\"auto, (max-width: 1024px) 100vw, 1024px\" \/><\/figure>\n\n\n\n<figure class=\"wp-block-image size-large\"><img loading=\"lazy\" decoding=\"async\" width=\"1024\" height=\"683\" src=\"https:\/\/amealco.gob.mx\/portal\/wp-content\/uploads\/2026\/08\/600393865_122209927226564929_592479837501108036_n-1024x683.jpg\" alt=\"\" class=\"wp-image-5506\" srcset=\"https:\/\/amealco.gob.mx\/portal\/wp-content\/uploads\/2026\/08\/600393865_122209927226564929_592479837501108036_n-1024x683.jpg 1024w, https:\/\/amealco.gob.mx\/portal\/wp-content\/uploads\/2026\/08\/600393865_122209927226564929_592479837501108036_n-300x200.jpg 300w, https:\/\/amealco.gob.mx\/portal\/wp-content\/uploads\/2026\/08\/600393865_122209927226564929_592479837501108036_n-768x512.jpg 768w, https:\/\/amealco.gob.mx\/portal\/wp-content\/uploads\/2026\/08\/600393865_122209927226564929_592479837501108036_n-1200x800.jpg 1200w, https:\/\/amealco.gob.mx\/portal\/wp-content\/uploads\/2026\/08\/600393865_122209927226564929_592479837501108036_n-594x396.jpg 594w, https:\/\/amealco.gob.mx\/portal\/wp-content\/uploads\/2026\/08\/600393865_122209927226564929_592479837501108036_n.jpg 1440w\" sizes=\"auto, (max-width: 1024px) 100vw, 1024px\" \/><\/figure>\n<\/figure>\n<\/div>\n\n\n\n<div class=\"wp-block-column is-layout-flow wp-block-column-is-layout-flow\"><\/div>\n<\/div>\n","protected":false},"excerpt":{"rendered":"<p>El presidente municipal \u00d3scar P\u00e9rez Mart\u00ednez encabez\u00f3 la ceremonia eucar\u00edstica en la que todo el personal que labora en la Administraci\u00f3n Municipal 2024\u20132027 se reuni\u00f3 para agradecer por el a\u00f1o que concluye y pedir por un mejor 2026, en un ambiente de uni\u00f3n, fe y cercan\u00eda. Esta eucarist\u00eda marc\u00f3 el inicio de la celebraci\u00f3n de [&hellip;]<\/p>\n","protected":false},"author":2,"featured_media":5506,"comment_status":"closed","ping_status":"closed","sticky":false,"template":"","format":"standard","meta":{"_lmt_disableupdate":"","_lmt_disable":"","footnotes":""},"categories":[5],"tags":[],"class_list":["post-5505","post","type-post","status-publish","format-standard","has-post-thumbnail","hentry","category-noticias","clearfix","post-index"],"modified_by":"Comunicaci\u00f3n Social","jetpack_sharing_enabled":true,"jetpack_featured_media_url":"https:\/\/amealco.gob.mx\/portal\/wp-content\/uploads\/2026\/08\/600393865_122209927226564929_592479837501108036_n.jpg","_links":{"self":[{"href":"https:\/\/amealco.gob.mx\/portal\/wp-json\/wp\/v2\/posts\/5505","targetHints":{"allow":["GET"]}}],"collection":[{"href":"https:\/\/amealco.gob.mx\/portal\/wp-json\/wp\/v2\/posts"}],"about":[{"href":"https:\/\/amealco.gob.mx\/portal\/wp-json\/wp\/v2\/types\/post"}],"author":[{"embeddable":true,"href":"https:\/\/amealco.gob.mx\/portal\/wp-json\/wp\/v2\/users\/2"}],"replies":[{"embeddable":true,"href":"https:\/\/amealco.gob.mx\/portal\/wp-json\/wp\/v2\/comments?post=5505"}],"version-history":[{"count":2,"href":"https:\/\/amealco.gob.mx\/portal\/wp-json\/wp\/v2\/posts\/5505\/revisions"}],"predecessor-version":[{"id":5510,"href":"https:\/\/amealco.gob.mx\/portal\/wp-json\/wp\/v2\/posts\/5505\/revisions\/5510"}],"wp:featuredmedia":[{"embeddable":true,"href":"https:\/\/amealco.gob.mx\/portal\/wp-json\/wp\/v2\/media\/5506"}],"wp:attachment":[{"href":"https:\/\/amealco.gob.mx\/portal\/wp-json\/wp\/v2\/media?parent=5505"}],"wp:term":[{"taxonomy":"category","embeddable":true,"href":"https:\/\/amealco.gob.mx\/portal\/wp-json\/wp\/v2\/categories?post=5505"},{"taxonomy":"post_tag","embeddable":true,"href":"https:\/\/amealco.gob.mx\/portal\/wp-json\/wp\/v2\/tags?post=5505"}],"curies":[{"name":"wp","href":"https:\/\/api.w.org\/{rel}","templated":true}]}}