{"id":5511,"date":"2026-01-06T10:10:00","date_gmt":"2026-01-06T16:10:00","guid":{"rendered":"https:\/\/amealco.gob.mx\/portal\/?p=5511"},"modified":"2026-08-31T10:23:20","modified_gmt":"2026-08-31T15:23:20","slug":"los-reyes-magos-cierran-su-recorrido-por-amealco","status":"publish","type":"post","link":"https:\/\/amealco.gob.mx\/portal\/los-reyes-magos-cierran-su-recorrido-por-amealco\/","title":{"rendered":"LOS REYES MAGOS CIERRAN SU RECORRIDO POR AMEALCO"},"content":{"rendered":"\n<p>La ilusi\u00f3n, la alegr\u00eda y la esperanza llenaron las calles de la cabecera municipal de Amealco con el gran cierre de la Caravana de los Reyes Magos, que recorri\u00f3 el coraz\u00f3n del municipio con carros aleg\u00f3ricos alusivos al D\u00eda de Reyes, regalando sonrisas a las familias amealcenses.<\/p>\n\n\n\n<p>El presidente municipal \u00d3scar P\u00e9rez Mart\u00ednez, acompa\u00f1ado por su equipo de trabajo, se sum\u00f3 con entusiasmo para ayudar a los Reyes Magos a repartir juguetes y sonrisas a las ni\u00f1as y ni\u00f1os, compartiendo momentos que quedar\u00e1n grabados en la memoria de todos.<\/p>\n\n\n\n<p>Durante este emotivo cierre, tambi\u00e9n se entregaron roscas y chocolate caliente a los asistentes, fortaleciendo la convivencia y el esp\u00edritu de unidad en una tarde llena de calidez y tradici\u00f3n.<\/p>\n\n\n\n<p>Adem\u00e1s, el evento se llen\u00f3 de risas y diversi\u00f3n con el un espectacular show del payaso Gabo , quien hizo del festejo un momento inolvidable para las y los peque\u00f1os.<\/p>\n\n\n\n<p>Amealco sigue celebrando sus tradiciones, poniendo siempre en el centro a la ni\u00f1ez y a las familias.<\/p>\n\n\n\n<div class=\"wp-block-columns is-layout-flex wp-container-core-columns-is-layout-1 wp-block-columns-is-layout-flex\">\n<div class=\"wp-block-column is-layout-flow wp-block-column-is-layout-flow\">\n<figure class=\"wp-block-gallery has-nested-images columns-default is-cropped wp-block-gallery-1 is-layout-flex wp-block-gallery-is-layout-flex\">\n<figure class=\"wp-block-image size-large\"><img loading=\"lazy\" decoding=\"async\" width=\"1024\" height=\"768\" src=\"https:\/\/amealco.gob.mx\/portal\/wp-content\/uploads\/2026\/01\/608621754_122212703000564929_3253370931184273952_n-1024x768.jpg\" alt=\"\" class=\"wp-image-5517\" srcset=\"https:\/\/amealco.gob.mx\/portal\/wp-content\/uploads\/2026\/01\/608621754_122212703000564929_3253370931184273952_n-1024x768.jpg 1024w, https:\/\/amealco.gob.mx\/portal\/wp-content\/uploads\/2026\/01\/608621754_122212703000564929_3253370931184273952_n-300x225.jpg 300w, https:\/\/amealco.gob.mx\/portal\/wp-content\/uploads\/2026\/01\/608621754_122212703000564929_3253370931184273952_n-768x576.jpg 768w, https:\/\/amealco.gob.mx\/portal\/wp-content\/uploads\/2026\/01\/608621754_122212703000564929_3253370931184273952_n-1536x1152.jpg 1536w, https:\/\/amealco.gob.mx\/portal\/wp-content\/uploads\/2026\/01\/608621754_122212703000564929_3253370931184273952_n-1200x900.jpg 1200w, https:\/\/amealco.gob.mx\/portal\/wp-content\/uploads\/2026\/01\/608621754_122212703000564929_3253370931184273952_n-594x446.jpg 594w, https:\/\/amealco.gob.mx\/portal\/wp-content\/uploads\/2026\/01\/608621754_122212703000564929_3253370931184273952_n.jpg 2048w\" sizes=\"auto, (max-width: 1024px) 100vw, 1024px\" \/><\/figure>\n\n\n\n<figure class=\"wp-block-image size-large\"><img loading=\"lazy\" decoding=\"async\" width=\"1024\" height=\"768\" src=\"https:\/\/amealco.gob.mx\/portal\/wp-content\/uploads\/2026\/01\/612075674_122212702892564929_1903593036994042131_n-1024x768.jpg\" alt=\"\" class=\"wp-image-5516\" srcset=\"https:\/\/amealco.gob.mx\/portal\/wp-content\/uploads\/2026\/01\/612075674_122212702892564929_1903593036994042131_n-1024x768.jpg 1024w, https:\/\/amealco.gob.mx\/portal\/wp-content\/uploads\/2026\/01\/612075674_122212702892564929_1903593036994042131_n-300x225.jpg 300w, https:\/\/amealco.gob.mx\/portal\/wp-content\/uploads\/2026\/01\/612075674_122212702892564929_1903593036994042131_n-768x576.jpg 768w, https:\/\/amealco.gob.mx\/portal\/wp-content\/uploads\/2026\/01\/612075674_122212702892564929_1903593036994042131_n-1536x1152.jpg 1536w, https:\/\/amealco.gob.mx\/portal\/wp-content\/uploads\/2026\/01\/612075674_122212702892564929_1903593036994042131_n-1200x900.jpg 1200w, https:\/\/amealco.gob.mx\/portal\/wp-content\/uploads\/2026\/01\/612075674_122212702892564929_1903593036994042131_n-594x446.jpg 594w, https:\/\/amealco.gob.mx\/portal\/wp-content\/uploads\/2026\/01\/612075674_122212702892564929_1903593036994042131_n.jpg 2048w\" sizes=\"auto, (max-width: 1024px) 100vw, 1024px\" \/><\/figure>\n<\/figure>\n<\/div>\n\n\n\n<div class=\"wp-block-column is-layout-flow wp-block-column-is-layout-flow\"><\/div>\n<\/div>\n","protected":false},"excerpt":{"rendered":"<p>La ilusi\u00f3n, la alegr\u00eda y la esperanza llenaron las calles de la cabecera municipal de Amealco con el gran cierre de la Caravana de los Reyes Magos, que recorri\u00f3 el coraz\u00f3n del municipio con carros aleg\u00f3ricos alusivos al D\u00eda de Reyes, regalando sonrisas a las familias amealcenses. El presidente municipal \u00d3scar P\u00e9rez Mart\u00ednez, acompa\u00f1ado por [&hellip;]<\/p>\n","protected":false},"author":2,"featured_media":5512,"comment_status":"closed","ping_status":"closed","sticky":false,"template":"","format":"standard","meta":{"_lmt_disableupdate":"","_lmt_disable":"","footnotes":""},"categories":[5],"tags":[],"class_list":["post-5511","post","type-post","status-publish","format-standard","has-post-thumbnail","hentry","category-noticias","clearfix","post-index"],"modified_by":"Comunicaci\u00f3n Social","jetpack_sharing_enabled":true,"jetpack_featured_media_url":"https:\/\/amealco.gob.mx\/portal\/wp-content\/uploads\/2026\/08\/612075674_122212702892564929_1903593036994042131_n-1.jpg","_links":{"self":[{"href":"https:\/\/amealco.gob.mx\/portal\/wp-json\/wp\/v2\/posts\/5511","targetHints":{"allow":["GET"]}}],"collection":[{"href":"https:\/\/amealco.gob.mx\/portal\/wp-json\/wp\/v2\/posts"}],"about":[{"href":"https:\/\/amealco.gob.mx\/portal\/wp-json\/wp\/v2\/types\/post"}],"author":[{"embeddable":true,"href":"https:\/\/amealco.gob.mx\/portal\/wp-json\/wp\/v2\/users\/2"}],"replies":[{"embeddable":true,"href":"https:\/\/amealco.gob.mx\/portal\/wp-json\/wp\/v2\/comments?post=5511"}],"version-history":[{"count":2,"href":"https:\/\/amealco.gob.mx\/portal\/wp-json\/wp\/v2\/posts\/5511\/revisions"}],"predecessor-version":[{"id":5518,"href":"https:\/\/amealco.gob.mx\/portal\/wp-json\/wp\/v2\/posts\/5511\/revisions\/5518"}],"wp:featuredmedia":[{"embeddable":true,"href":"https:\/\/amealco.gob.mx\/portal\/wp-json\/wp\/v2\/media\/5512"}],"wp:attachment":[{"href":"https:\/\/amealco.gob.mx\/portal\/wp-json\/wp\/v2\/media?parent=5511"}],"wp:term":[{"taxonomy":"category","embeddable":true,"href":"https:\/\/amealco.gob.mx\/portal\/wp-json\/wp\/v2\/categories?post=5511"},{"taxonomy":"post_tag","embeddable":true,"href":"https:\/\/amealco.gob.mx\/portal\/wp-json\/wp\/v2\/tags?post=5511"}],"curies":[{"name":"wp","href":"https:\/\/api.w.org\/{rel}","templated":true}]}}