{"id":5519,"date":"2026-01-21T10:34:00","date_gmt":"2026-01-21T16:34:00","guid":{"rendered":"https:\/\/amealco.gob.mx\/portal\/?p=5519"},"modified":"2026-08-31T10:42:48","modified_gmt":"2026-08-31T15:42:48","slug":"gobierno-en-movimiento-al-encuentro-ciudadano","status":"publish","type":"post","link":"https:\/\/amealco.gob.mx\/portal\/gobierno-en-movimiento-al-encuentro-ciudadano\/","title":{"rendered":"GOBIERNO EN MOVIMIENTO, AL ENCUENTRO CIUDADANO"},"content":{"rendered":"\n<p>Con el firme compromiso de estar cerca de la gente, el presidente municipal Oscar P\u00e9rez Mart\u00ednez dio arranque al programa \u201cGobierno en Movimiento, al Encuentro Ciudadano\u201d, una iniciativa que lleva directamente hasta las comunidades los servicios que brinda la administraci\u00f3n municipal.<\/p>\n\n\n\n<p>Este programa nace con el objetivo de facilitar el acceso a tr\u00e1mites, apoyos y atenci\u00f3n personalizada, evitando traslados innecesarios y acercando el gobierno hasta la comodidad de la ciudadan\u00eda.<\/p>\n\n\n\n<p>Durante el arranque, el alcalde destac\u00f3 que su gobierno es de puertas abiertas, cercano y sensible a las necesidades de cada familia amealcense, reafirmando que escuchar a la gente es la base para tomar mejores decisiones.<\/p>\n\n\n\n<p>\u201cGobierno en Movimiento\u201d representa una administraci\u00f3n activa, presente en territorio y comprometida con resolver de manera directa las inquietudes de la poblaci\u00f3n, fortaleciendo as\u00ed la confianza y el trabajo conjunto.<\/p>\n\n\n\n<p>Porque un gobierno que camina junto a su gente\u2026 transforma realidades.<\/p>\n\n\n\n<figure class=\"wp-block-gallery has-nested-images columns-default is-cropped wp-block-gallery-1 is-layout-flex wp-block-gallery-is-layout-flex\">\n<figure class=\"wp-block-image size-large\"><img loading=\"lazy\" decoding=\"async\" width=\"1024\" height=\"683\" data-id=\"5521\" src=\"https:\/\/amealco.gob.mx\/portal\/wp-content\/uploads\/2026\/08\/616982552_122215421072564929_681879061699195560_n-1-1024x683.jpg\" alt=\"\" class=\"wp-image-5521\" srcset=\"https:\/\/amealco.gob.mx\/portal\/wp-content\/uploads\/2026\/08\/616982552_122215421072564929_681879061699195560_n-1-1024x683.jpg 1024w, https:\/\/amealco.gob.mx\/portal\/wp-content\/uploads\/2026\/08\/616982552_122215421072564929_681879061699195560_n-1-300x200.jpg 300w, https:\/\/amealco.gob.mx\/portal\/wp-content\/uploads\/2026\/08\/616982552_122215421072564929_681879061699195560_n-1-768x512.jpg 768w, https:\/\/amealco.gob.mx\/portal\/wp-content\/uploads\/2026\/08\/616982552_122215421072564929_681879061699195560_n-1-1200x800.jpg 1200w, https:\/\/amealco.gob.mx\/portal\/wp-content\/uploads\/2026\/08\/616982552_122215421072564929_681879061699195560_n-1-594x396.jpg 594w, https:\/\/amealco.gob.mx\/portal\/wp-content\/uploads\/2026\/08\/616982552_122215421072564929_681879061699195560_n-1.jpg 1500w\" sizes=\"auto, (max-width: 1024px) 100vw, 1024px\" \/><\/figure>\n\n\n\n<figure class=\"wp-block-image size-large\"><img loading=\"lazy\" decoding=\"async\" width=\"1024\" height=\"683\" data-id=\"5522\" src=\"https:\/\/amealco.gob.mx\/portal\/wp-content\/uploads\/2026\/08\/616411668_122215421114564929_6965797339966605888_n-1024x683.jpg\" alt=\"\" class=\"wp-image-5522\" srcset=\"https:\/\/amealco.gob.mx\/portal\/wp-content\/uploads\/2026\/08\/616411668_122215421114564929_6965797339966605888_n-1024x683.jpg 1024w, https:\/\/amealco.gob.mx\/portal\/wp-content\/uploads\/2026\/08\/616411668_122215421114564929_6965797339966605888_n-300x200.jpg 300w, https:\/\/amealco.gob.mx\/portal\/wp-content\/uploads\/2026\/08\/616411668_122215421114564929_6965797339966605888_n-768x512.jpg 768w, https:\/\/amealco.gob.mx\/portal\/wp-content\/uploads\/2026\/08\/616411668_122215421114564929_6965797339966605888_n-1200x800.jpg 1200w, https:\/\/amealco.gob.mx\/portal\/wp-content\/uploads\/2026\/08\/616411668_122215421114564929_6965797339966605888_n-594x396.jpg 594w, https:\/\/amealco.gob.mx\/portal\/wp-content\/uploads\/2026\/08\/616411668_122215421114564929_6965797339966605888_n.jpg 1500w\" sizes=\"auto, (max-width: 1024px) 100vw, 1024px\" \/><\/figure>\n<\/figure>\n","protected":false},"excerpt":{"rendered":"<p>Con el firme compromiso de estar cerca de la gente, el presidente municipal Oscar P\u00e9rez Mart\u00ednez dio arranque al programa \u201cGobierno en Movimiento, al Encuentro Ciudadano\u201d, una iniciativa que lleva directamente hasta las comunidades los servicios que brinda la administraci\u00f3n municipal. Este programa nace con el objetivo de facilitar el acceso a tr\u00e1mites, apoyos y [&hellip;]<\/p>\n","protected":false},"author":2,"featured_media":5520,"comment_status":"closed","ping_status":"closed","sticky":false,"template":"","format":"standard","meta":{"_lmt_disableupdate":"","_lmt_disable":"","footnotes":""},"categories":[5],"tags":[],"class_list":["post-5519","post","type-post","status-publish","format-standard","has-post-thumbnail","hentry","category-noticias","clearfix","post-index"],"modified_by":"Comunicaci\u00f3n Social","jetpack_sharing_enabled":true,"jetpack_featured_media_url":"https:\/\/amealco.gob.mx\/portal\/wp-content\/uploads\/2026\/08\/616982552_122215421072564929_681879061699195560_n.jpg","_links":{"self":[{"href":"https:\/\/amealco.gob.mx\/portal\/wp-json\/wp\/v2\/posts\/5519","targetHints":{"allow":["GET"]}}],"collection":[{"href":"https:\/\/amealco.gob.mx\/portal\/wp-json\/wp\/v2\/posts"}],"about":[{"href":"https:\/\/amealco.gob.mx\/portal\/wp-json\/wp\/v2\/types\/post"}],"author":[{"embeddable":true,"href":"https:\/\/amealco.gob.mx\/portal\/wp-json\/wp\/v2\/users\/2"}],"replies":[{"embeddable":true,"href":"https:\/\/amealco.gob.mx\/portal\/wp-json\/wp\/v2\/comments?post=5519"}],"version-history":[{"count":1,"href":"https:\/\/amealco.gob.mx\/portal\/wp-json\/wp\/v2\/posts\/5519\/revisions"}],"predecessor-version":[{"id":5523,"href":"https:\/\/amealco.gob.mx\/portal\/wp-json\/wp\/v2\/posts\/5519\/revisions\/5523"}],"wp:featuredmedia":[{"embeddable":true,"href":"https:\/\/amealco.gob.mx\/portal\/wp-json\/wp\/v2\/media\/5520"}],"wp:attachment":[{"href":"https:\/\/amealco.gob.mx\/portal\/wp-json\/wp\/v2\/media?parent=5519"}],"wp:term":[{"taxonomy":"category","embeddable":true,"href":"https:\/\/amealco.gob.mx\/portal\/wp-json\/wp\/v2\/categories?post=5519"},{"taxonomy":"post_tag","embeddable":true,"href":"https:\/\/amealco.gob.mx\/portal\/wp-json\/wp\/v2\/tags?post=5519"}],"curies":[{"name":"wp","href":"https:\/\/api.w.org\/{rel}","templated":true}]}}