{"id":5525,"date":"2026-01-27T13:11:00","date_gmt":"2026-01-27T19:11:00","guid":{"rendered":"https:\/\/amealco.gob.mx\/portal\/?p=5525"},"modified":"2026-08-31T13:13:54","modified_gmt":"2026-08-31T18:13:54","slug":"entregas-de-obra-zona-norte","status":"publish","type":"post","link":"https:\/\/amealco.gob.mx\/portal\/entregas-de-obra-zona-norte\/","title":{"rendered":"ENTREGAS DE OBRA ZONA NORTE"},"content":{"rendered":"\n<p>El presidente municipal \u00d3scar P\u00e9rez Mart\u00ednez realiz\u00f3 la entrega de 7 obras en la Zona Norte de Amealco, cumpliendo con hechos y fortaleciendo la conectividad de nuestras comunidades.<\/p>\n\n\n\n<p>Durante el recorrido estuvo acompa\u00f1ado por el Diputado local Paul Ospital Carrera, refrendando el trabajo en equipo a favor del desarrollo del municipio.<\/p>\n\n\n\n<p>Comunidades beneficiadas:<\/p>\n\n\n\n<p>Palos Altos, El Bat\u00e1n, El Rayo, Quiotillos, La Mesa, El Pino y Bordos Cuates.<\/p>\n\n\n\n<div class=\"wp-block-columns is-layout-flex wp-container-core-columns-is-layout-1 wp-block-columns-is-layout-flex\">\n<div class=\"wp-block-column is-layout-flow wp-block-column-is-layout-flow\">\n<figure class=\"wp-block-gallery has-nested-images columns-default is-cropped wp-block-gallery-1 is-layout-flex wp-block-gallery-is-layout-flex\">\n<figure class=\"wp-block-image size-large\"><img loading=\"lazy\" decoding=\"async\" width=\"1024\" height=\"682\" src=\"https:\/\/amealco.gob.mx\/portal\/wp-content\/uploads\/2026\/08\/619403855_122216455130564929_189676395547423587_n-1-1024x682.jpg\" alt=\"\" class=\"wp-image-5528\" srcset=\"https:\/\/amealco.gob.mx\/portal\/wp-content\/uploads\/2026\/08\/619403855_122216455130564929_189676395547423587_n-1-1024x682.jpg 1024w, https:\/\/amealco.gob.mx\/portal\/wp-content\/uploads\/2026\/08\/619403855_122216455130564929_189676395547423587_n-1-300x200.jpg 300w, https:\/\/amealco.gob.mx\/portal\/wp-content\/uploads\/2026\/08\/619403855_122216455130564929_189676395547423587_n-1-768x512.jpg 768w, https:\/\/amealco.gob.mx\/portal\/wp-content\/uploads\/2026\/08\/619403855_122216455130564929_189676395547423587_n-1-1536x1023.jpg 1536w, https:\/\/amealco.gob.mx\/portal\/wp-content\/uploads\/2026\/08\/619403855_122216455130564929_189676395547423587_n-1-1200x800.jpg 1200w, https:\/\/amealco.gob.mx\/portal\/wp-content\/uploads\/2026\/08\/619403855_122216455130564929_189676395547423587_n-1-594x396.jpg 594w, https:\/\/amealco.gob.mx\/portal\/wp-content\/uploads\/2026\/08\/619403855_122216455130564929_189676395547423587_n-1.jpg 1600w\" sizes=\"auto, (max-width: 1024px) 100vw, 1024px\" \/><\/figure>\n\n\n\n<figure class=\"wp-block-image size-large\"><img loading=\"lazy\" decoding=\"async\" width=\"1024\" height=\"682\" src=\"https:\/\/amealco.gob.mx\/portal\/wp-content\/uploads\/2026\/08\/622490595_122216454980564929_9213306405169196514_n-1-1024x682.jpg\" alt=\"\" class=\"wp-image-5529\" srcset=\"https:\/\/amealco.gob.mx\/portal\/wp-content\/uploads\/2026\/08\/622490595_122216454980564929_9213306405169196514_n-1-1024x682.jpg 1024w, https:\/\/amealco.gob.mx\/portal\/wp-content\/uploads\/2026\/08\/622490595_122216454980564929_9213306405169196514_n-1-300x200.jpg 300w, https:\/\/amealco.gob.mx\/portal\/wp-content\/uploads\/2026\/08\/622490595_122216454980564929_9213306405169196514_n-1-768x512.jpg 768w, https:\/\/amealco.gob.mx\/portal\/wp-content\/uploads\/2026\/08\/622490595_122216454980564929_9213306405169196514_n-1-1536x1023.jpg 1536w, https:\/\/amealco.gob.mx\/portal\/wp-content\/uploads\/2026\/08\/622490595_122216454980564929_9213306405169196514_n-1-1200x800.jpg 1200w, https:\/\/amealco.gob.mx\/portal\/wp-content\/uploads\/2026\/08\/622490595_122216454980564929_9213306405169196514_n-1-594x396.jpg 594w, https:\/\/amealco.gob.mx\/portal\/wp-content\/uploads\/2026\/08\/622490595_122216454980564929_9213306405169196514_n-1.jpg 1600w\" sizes=\"auto, (max-width: 1024px) 100vw, 1024px\" \/><\/figure>\n<\/figure>\n<\/div>\n\n\n\n<div class=\"wp-block-column is-layout-flow wp-block-column-is-layout-flow\"><\/div>\n<\/div>\n","protected":false},"excerpt":{"rendered":"<p>El presidente municipal \u00d3scar P\u00e9rez Mart\u00ednez realiz\u00f3 la entrega de 7 obras en la Zona Norte de Amealco, cumpliendo con hechos y fortaleciendo la conectividad de nuestras comunidades. Durante el recorrido estuvo acompa\u00f1ado por el Diputado local Paul Ospital Carrera, refrendando el trabajo en equipo a favor del desarrollo del municipio. Comunidades beneficiadas: Palos Altos, [&hellip;]<\/p>\n","protected":false},"author":2,"featured_media":5527,"comment_status":"closed","ping_status":"closed","sticky":false,"template":"","format":"standard","meta":{"_lmt_disableupdate":"","_lmt_disable":"","footnotes":""},"categories":[5],"tags":[],"class_list":["post-5525","post","type-post","status-publish","format-standard","has-post-thumbnail","hentry","category-noticias","clearfix","post-index"],"modified_by":"Comunicaci\u00f3n Social","jetpack_sharing_enabled":true,"jetpack_featured_media_url":"https:\/\/amealco.gob.mx\/portal\/wp-content\/uploads\/2026\/08\/622490595_122216454980564929_9213306405169196514_n.jpg","_links":{"self":[{"href":"https:\/\/amealco.gob.mx\/portal\/wp-json\/wp\/v2\/posts\/5525","targetHints":{"allow":["GET"]}}],"collection":[{"href":"https:\/\/amealco.gob.mx\/portal\/wp-json\/wp\/v2\/posts"}],"about":[{"href":"https:\/\/amealco.gob.mx\/portal\/wp-json\/wp\/v2\/types\/post"}],"author":[{"embeddable":true,"href":"https:\/\/amealco.gob.mx\/portal\/wp-json\/wp\/v2\/users\/2"}],"replies":[{"embeddable":true,"href":"https:\/\/amealco.gob.mx\/portal\/wp-json\/wp\/v2\/comments?post=5525"}],"version-history":[{"count":1,"href":"https:\/\/amealco.gob.mx\/portal\/wp-json\/wp\/v2\/posts\/5525\/revisions"}],"predecessor-version":[{"id":5530,"href":"https:\/\/amealco.gob.mx\/portal\/wp-json\/wp\/v2\/posts\/5525\/revisions\/5530"}],"wp:featuredmedia":[{"embeddable":true,"href":"https:\/\/amealco.gob.mx\/portal\/wp-json\/wp\/v2\/media\/5527"}],"wp:attachment":[{"href":"https:\/\/amealco.gob.mx\/portal\/wp-json\/wp\/v2\/media?parent=5525"}],"wp:term":[{"taxonomy":"category","embeddable":true,"href":"https:\/\/amealco.gob.mx\/portal\/wp-json\/wp\/v2\/categories?post=5525"},{"taxonomy":"post_tag","embeddable":true,"href":"https:\/\/amealco.gob.mx\/portal\/wp-json\/wp\/v2\/tags?post=5525"}],"curies":[{"name":"wp","href":"https:\/\/api.w.org\/{rel}","templated":true}]}}