{"id":5531,"date":"2026-01-28T14:34:00","date_gmt":"2026-01-28T20:34:00","guid":{"rendered":"https:\/\/amealco.gob.mx\/portal\/?p=5531"},"modified":"2026-08-31T14:36:53","modified_gmt":"2026-08-31T19:36:53","slug":"presentacion-del-programa-hidrico-cea-queretaro","status":"publish","type":"post","link":"https:\/\/amealco.gob.mx\/portal\/presentacion-del-programa-hidrico-cea-queretaro\/","title":{"rendered":"PRESENTACI\u00d3N DEL PROGRAMA H\u00cdDRICO CEA QUER\u00c9TARO"},"content":{"rendered":"\n<p>El presidente municipal de Amealco de Bonfil, \u00d3scar P\u00e9rez Mart\u00ednez, acudi\u00f3 a la Presentaci\u00f3n del Programa H\u00eddrico, organizada por la Comisi\u00f3n Estatal de Aguas (CEA) Quer\u00e9taro, encabezada por el gobernador del estado, Mauricio Kuri Gonz\u00e1lez, reafirmando su compromiso con el cuidado, la planeaci\u00f3n y el uso responsable del agua en beneficio de las y los amealcenses.<\/p>\n\n\n\n<p>Durante este importante encuentro, se presentaron estrategias y acciones para fortalecer la infraestructura hidr\u00e1ulica, garantizar el abasto del vital l\u00edquido y avanzar hacia un desarrollo sustentable en los municipios del estado.<\/p>\n\n\n\n<p>Amealco contin\u00faa trabajando en coordinaci\u00f3n con el Gobierno del Estado para asegurar un mejor futuro h\u00eddrico para todas y todos.<\/p>\n\n\n\n<div class=\"wp-block-columns is-layout-flex wp-container-core-columns-is-layout-1 wp-block-columns-is-layout-flex\">\n<div class=\"wp-block-column is-layout-flow wp-block-column-is-layout-flow\">\n<figure class=\"wp-block-gallery has-nested-images columns-default is-cropped wp-block-gallery-1 is-layout-flex wp-block-gallery-is-layout-flex\">\n<figure class=\"wp-block-image size-large\"><img loading=\"lazy\" decoding=\"async\" width=\"1024\" height=\"683\" src=\"https:\/\/amealco.gob.mx\/portal\/wp-content\/uploads\/2026\/08\/622843173_122216609786564929_8435574985453511428_n-1-1024x683.jpg\" alt=\"\" class=\"wp-image-5535\" srcset=\"https:\/\/amealco.gob.mx\/portal\/wp-content\/uploads\/2026\/08\/622843173_122216609786564929_8435574985453511428_n-1-1024x683.jpg 1024w, https:\/\/amealco.gob.mx\/portal\/wp-content\/uploads\/2026\/08\/622843173_122216609786564929_8435574985453511428_n-1-300x200.jpg 300w, https:\/\/amealco.gob.mx\/portal\/wp-content\/uploads\/2026\/08\/622843173_122216609786564929_8435574985453511428_n-1-768x512.jpg 768w, https:\/\/amealco.gob.mx\/portal\/wp-content\/uploads\/2026\/08\/622843173_122216609786564929_8435574985453511428_n-1-1200x800.jpg 1200w, https:\/\/amealco.gob.mx\/portal\/wp-content\/uploads\/2026\/08\/622843173_122216609786564929_8435574985453511428_n-1-594x396.jpg 594w, https:\/\/amealco.gob.mx\/portal\/wp-content\/uploads\/2026\/08\/622843173_122216609786564929_8435574985453511428_n-1.jpg 1440w\" sizes=\"auto, (max-width: 1024px) 100vw, 1024px\" \/><\/figure>\n\n\n\n<figure class=\"wp-block-image size-large\"><img loading=\"lazy\" decoding=\"async\" width=\"1024\" height=\"683\" src=\"https:\/\/amealco.gob.mx\/portal\/wp-content\/uploads\/2026\/08\/623503654_122216609822564929_542119045871629189_n-1-1024x683.jpg\" alt=\"\" class=\"wp-image-5536\" srcset=\"https:\/\/amealco.gob.mx\/portal\/wp-content\/uploads\/2026\/08\/623503654_122216609822564929_542119045871629189_n-1-1024x683.jpg 1024w, https:\/\/amealco.gob.mx\/portal\/wp-content\/uploads\/2026\/08\/623503654_122216609822564929_542119045871629189_n-1-300x200.jpg 300w, https:\/\/amealco.gob.mx\/portal\/wp-content\/uploads\/2026\/08\/623503654_122216609822564929_542119045871629189_n-1-768x512.jpg 768w, https:\/\/amealco.gob.mx\/portal\/wp-content\/uploads\/2026\/08\/623503654_122216609822564929_542119045871629189_n-1-1200x800.jpg 1200w, https:\/\/amealco.gob.mx\/portal\/wp-content\/uploads\/2026\/08\/623503654_122216609822564929_542119045871629189_n-1-594x396.jpg 594w, https:\/\/amealco.gob.mx\/portal\/wp-content\/uploads\/2026\/08\/623503654_122216609822564929_542119045871629189_n-1.jpg 1440w\" sizes=\"auto, (max-width: 1024px) 100vw, 1024px\" \/><\/figure>\n<\/figure>\n<\/div>\n\n\n\n<div class=\"wp-block-column is-layout-flow wp-block-column-is-layout-flow\"><\/div>\n<\/div>\n","protected":false},"excerpt":{"rendered":"<p>El presidente municipal de Amealco de Bonfil, \u00d3scar P\u00e9rez Mart\u00ednez, acudi\u00f3 a la Presentaci\u00f3n del Programa H\u00eddrico, organizada por la Comisi\u00f3n Estatal de Aguas (CEA) Quer\u00e9taro, encabezada por el gobernador del estado, Mauricio Kuri Gonz\u00e1lez, reafirmando su compromiso con el cuidado, la planeaci\u00f3n y el uso responsable del agua en beneficio de las y los [&hellip;]<\/p>\n","protected":false},"author":2,"featured_media":5532,"comment_status":"closed","ping_status":"closed","sticky":false,"template":"","format":"standard","meta":{"_lmt_disableupdate":"","_lmt_disable":"","footnotes":""},"categories":[5],"tags":[],"class_list":["post-5531","post","type-post","status-publish","format-standard","has-post-thumbnail","hentry","category-noticias","clearfix","post-index"],"modified_by":"Comunicaci\u00f3n Social","jetpack_sharing_enabled":true,"jetpack_featured_media_url":"https:\/\/amealco.gob.mx\/portal\/wp-content\/uploads\/2026\/08\/622870646_122216609972564929_2771117515157763788_n.jpg","_links":{"self":[{"href":"https:\/\/amealco.gob.mx\/portal\/wp-json\/wp\/v2\/posts\/5531","targetHints":{"allow":["GET"]}}],"collection":[{"href":"https:\/\/amealco.gob.mx\/portal\/wp-json\/wp\/v2\/posts"}],"about":[{"href":"https:\/\/amealco.gob.mx\/portal\/wp-json\/wp\/v2\/types\/post"}],"author":[{"embeddable":true,"href":"https:\/\/amealco.gob.mx\/portal\/wp-json\/wp\/v2\/users\/2"}],"replies":[{"embeddable":true,"href":"https:\/\/amealco.gob.mx\/portal\/wp-json\/wp\/v2\/comments?post=5531"}],"version-history":[{"count":1,"href":"https:\/\/amealco.gob.mx\/portal\/wp-json\/wp\/v2\/posts\/5531\/revisions"}],"predecessor-version":[{"id":5537,"href":"https:\/\/amealco.gob.mx\/portal\/wp-json\/wp\/v2\/posts\/5531\/revisions\/5537"}],"wp:featuredmedia":[{"embeddable":true,"href":"https:\/\/amealco.gob.mx\/portal\/wp-json\/wp\/v2\/media\/5532"}],"wp:attachment":[{"href":"https:\/\/amealco.gob.mx\/portal\/wp-json\/wp\/v2\/media?parent=5531"}],"wp:term":[{"taxonomy":"category","embeddable":true,"href":"https:\/\/amealco.gob.mx\/portal\/wp-json\/wp\/v2\/categories?post=5531"},{"taxonomy":"post_tag","embeddable":true,"href":"https:\/\/amealco.gob.mx\/portal\/wp-json\/wp\/v2\/tags?post=5531"}],"curies":[{"name":"wp","href":"https:\/\/api.w.org\/{rel}","templated":true}]}}